{"id":1029,"date":"2025-09-19T11:44:38","date_gmt":"2025-09-19T09:44:38","guid":{"rendered":"https:\/\/mozambiquelngfoundation.org\/?p=1029"},"modified":"2025-09-22T10:17:38","modified_gmt":"2025-09-22T08:17:38","slug":"mozambique-lng-foundation-joins-youth-graduation-ceremony-in-cabo-delgado","status":"publish","type":"post","link":"https:\/\/mozambiquelngfoundation.org\/en\/mozambique-lng-foundation-joins-youth-graduation-ceremony-in-cabo-delgado\/","title":{"rendered":"Mozambique LNG Foundation Joins Youth Graduation Ceremony in Cabo Delgado"},"content":{"rendered":"<p>[vc_row][vc_column width=&#8221;1\/6&#8243;][\/vc_column][vc_column width=&#8221;2\/3&#8243;][vc_custom_heading text=&#8221;Mozambique LNG Foundation Joins Youth Graduation Ceremony in Cabo Delgado&#8221; use_theme_fonts=&#8221;yes&#8221;][vc_empty_space][vc_gallery interval=&#8221;5&#8243; images=&#8221;1018,1020,1022,1024,1026&#8243; img_size=&#8221;full&#8221;][vc_column_text]<\/p>\n<div class=\"elementToProof\">\n<p>The Mozambique LNG Foundation was honored to participate in the MozYouth internship graduation ceremony held in Pemba, Cabo Delgado. Representing the Foundation, our Head of Programs, Erika Rodrigues, joined the celebration of 173 young people who completed their internships \u2014 a milestone in their journey toward meaningful employment.<\/p>\n<\/div>\n<p>[\/vc_column_text][vc_column_text]<\/p>\n<div class=\"elementToProof\">\n<div class=\"elementToProof\">\n<p>The\u00a0 graduates received their certificates after six months of practical and paid training, in the various sectors: transport and logistics, transport, hospitality and tourism, education, agriculture, among others.<\/p>\n<\/div>\n<\/div>\n<p>[\/vc_column_text][vc_column_text]<\/p>\n<div class=\"elementToProof\">\n<div class=\"elementToProof\">\n<p>The internship program, supported by the Mozambique LNG Foundation, connects youth with real-world work experiences, helping them build practical skills and confidence to enter the labor market. Since its launch in 2023, the initiative has reached hundreds of young people across northern Mozambique.<\/p>\n<\/div>\n<\/div>\n<p>[\/vc_column_text][vc_column_text]<\/p>\n<div class=\"elementToProof\">\n<p>At the Foundation, we believe that investing in youth is a vital step toward sustainable development. By supporting skilling and employment pathways, we aim to contribute to lasting peace and prosperity in Cabo Delgado and beyond.<\/p>\n<\/div>\n<p>[\/vc_column_text][vc_column_text]<\/p>\n<div class=\"elementToProof\">\n<p>We are proud to stand alongside MozYouth and other partners in empowering the next generation of Mozambican professionals.<\/p>\n<\/div>\n<p>[\/vc_column_text][vc_empty_space height=&#8221;60px&#8221;][\/vc_column][vc_column width=&#8221;1\/6&#8243;][\/vc_column][\/vc_row]<\/p>\n","protected":false},"excerpt":{"rendered":"<p>[vc_row][vc_column width=&#8221;1\/6&#8243;][\/vc_column][vc_column width=&#8221;2\/3&#8243;][vc_custom_heading text=&#8221;Mozambique LNG Foundation Joins Youth Graduation Ceremony in Cabo Delgado&#8221; use_theme_fonts=&#8221;yes&#8221;][vc_empty_space][vc_gallery interval=&#8221;5&#8243; images=&#8221;1018,1020,1022,1024,1026&#8243; img_size=&#8221;full&#8221;][vc_column_text] The Mozambique LNG Foundation was honored to participate in the MozYouth internship graduation ceremony held in Pemba, Cabo Delgado. Representing the Foundation, our Head of Programs, Erika Rodrigues, joined the celebration of 173 young people who completed their [&hellip;]<\/p>\n","protected":false},"author":2,"featured_media":1027,"comment_status":"open","ping_status":"open","sticky":false,"template":"","format":"standard","meta":{"footnotes":""},"categories":[2],"tags":[],"class_list":["post-1029","post","type-post","status-publish","format-standard","has-post-thumbnail","hentry","category-uncategorized"],"yoast_head":"<!-- This site is optimized with the Yoast SEO plugin v27.5 - https:\/\/yoast.com\/product\/yoast-seo-wordpress\/ -->\n<title>Mozambique LNG Foundation Joins Youth Graduation Ceremony in Cabo Delgado - Funda\u00e7\u00e3o Mozambique LNG<\/title>\n<meta name=\"robots\" content=\"index, follow, max-snippet:-1, max-image-preview:large, max-video-preview:-1\" \/>\n<link rel=\"canonical\" href=\"https:\/\/mozambiquelngfoundation.org\/en\/mozambique-lng-foundation-joins-youth-graduation-ceremony-in-cabo-delgado\/\" \/>\n<meta property=\"og:locale\" content=\"en_US\" \/>\n<meta property=\"og:type\" content=\"article\" \/>\n<meta property=\"og:title\" content=\"Mozambique LNG Foundation Joins Youth Graduation Ceremony in Cabo Delgado - Funda\u00e7\u00e3o Mozambique LNG\" \/>\n<meta property=\"og:description\" content=\"[vc_row][vc_column width=&#8221;1\/6&#8243;][\/vc_column][vc_column width=&#8221;2\/3&#8243;][vc_custom_heading text=&#8221;Mozambique LNG Foundation Joins Youth Graduation Ceremony in Cabo Delgado&#8221; use_theme_fonts=&#8221;yes&#8221;][vc_empty_space][vc_gallery interval=&#8221;5&#8243; images=&#8221;1018,1020,1022,1024,1026&#8243; img_size=&#8221;full&#8221;][vc_column_text] The Mozambique LNG Foundation was honored to participate in the MozYouth internship graduation ceremony held in Pemba, Cabo Delgado. Representing the Foundation, our Head of Programs, Erika Rodrigues, joined the celebration of 173 young people who completed their [&hellip;]\" \/>\n<meta property=\"og:url\" content=\"https:\/\/mozambiquelngfoundation.org\/en\/mozambique-lng-foundation-joins-youth-graduation-ceremony-in-cabo-delgado\/\" \/>\n<meta property=\"og:site_name\" content=\"Funda\u00e7\u00e3o Mozambique LNG\" \/>\n<meta property=\"article:publisher\" content=\"https:\/\/www.facebook.com\/profile.php?id=61575219521505\" \/>\n<meta property=\"article:published_time\" content=\"2025-09-19T09:44:38+00:00\" \/>\n<meta property=\"article:modified_time\" content=\"2025-09-22T08:17:38+00:00\" \/>\n<meta property=\"og:image\" content=\"https:\/\/mozambiquelngfoundation.org\/wp-content\/uploads\/2025\/09\/Copy-of-_MG_5901-1024x683.jpg\" \/>\n\t<meta property=\"og:image:width\" content=\"1024\" \/>\n\t<meta property=\"og:image:height\" content=\"683\" \/>\n\t<meta property=\"og:image:type\" content=\"image\/jpeg\" \/>\n<meta name=\"author\" content=\"sebastiao-editor\" \/>\n<meta name=\"twitter:card\" content=\"summary_large_image\" \/>\n<meta name=\"twitter:label1\" content=\"Written by\" \/>\n\t<meta name=\"twitter:data1\" content=\"sebastiao-editor\" \/>\n\t<meta name=\"twitter:label2\" content=\"Est. reading time\" \/>\n\t<meta name=\"twitter:data2\" content=\"2 minutes\" \/>\n<script type=\"application\/ld+json\" class=\"yoast-schema-graph\">{\"@context\":\"https:\\\/\\\/schema.org\",\"@graph\":[{\"@type\":\"Article\",\"@id\":\"https:\\\/\\\/mozambiquelngfoundation.org\\\/en\\\/mozambique-lng-foundation-joins-youth-graduation-ceremony-in-cabo-delgado\\\/#article\",\"isPartOf\":{\"@id\":\"https:\\\/\\\/mozambiquelngfoundation.org\\\/en\\\/mozambique-lng-foundation-joins-youth-graduation-ceremony-in-cabo-delgado\\\/\"},\"author\":{\"name\":\"sebastiao-editor\",\"@id\":\"https:\\\/\\\/mozambiquelngfoundation.org\\\/en\\\/#\\\/schema\\\/person\\\/8de15d55aa64e9ee07f067ed4bd180b3\"},\"headline\":\"Mozambique LNG Foundation Joins Youth Graduation Ceremony in Cabo Delgado\",\"datePublished\":\"2025-09-19T09:44:38+00:00\",\"dateModified\":\"2025-09-22T08:17:38+00:00\",\"mainEntityOfPage\":{\"@id\":\"https:\\\/\\\/mozambiquelngfoundation.org\\\/en\\\/mozambique-lng-foundation-joins-youth-graduation-ceremony-in-cabo-delgado\\\/\"},\"wordCount\":262,\"commentCount\":0,\"publisher\":{\"@id\":\"https:\\\/\\\/mozambiquelngfoundation.org\\\/en\\\/#organization\"},\"image\":{\"@id\":\"https:\\\/\\\/mozambiquelngfoundation.org\\\/en\\\/mozambique-lng-foundation-joins-youth-graduation-ceremony-in-cabo-delgado\\\/#primaryimage\"},\"thumbnailUrl\":\"https:\\\/\\\/mozambiquelngfoundation.org\\\/wp-content\\\/uploads\\\/2025\\\/09\\\/Copy-of-_MG_5901.jpg\",\"inLanguage\":\"en-US\",\"potentialAction\":[{\"@type\":\"CommentAction\",\"name\":\"Comment\",\"target\":[\"https:\\\/\\\/mozambiquelngfoundation.org\\\/en\\\/mozambique-lng-foundation-joins-youth-graduation-ceremony-in-cabo-delgado\\\/#respond\"]}]},{\"@type\":\"WebPage\",\"@id\":\"https:\\\/\\\/mozambiquelngfoundation.org\\\/en\\\/mozambique-lng-foundation-joins-youth-graduation-ceremony-in-cabo-delgado\\\/\",\"url\":\"https:\\\/\\\/mozambiquelngfoundation.org\\\/en\\\/mozambique-lng-foundation-joins-youth-graduation-ceremony-in-cabo-delgado\\\/\",\"name\":\"Mozambique LNG Foundation Joins Youth Graduation Ceremony in Cabo Delgado - Funda\u00e7\u00e3o Mozambique LNG\",\"isPartOf\":{\"@id\":\"https:\\\/\\\/mozambiquelngfoundation.org\\\/en\\\/#website\"},\"primaryImageOfPage\":{\"@id\":\"https:\\\/\\\/mozambiquelngfoundation.org\\\/en\\\/mozambique-lng-foundation-joins-youth-graduation-ceremony-in-cabo-delgado\\\/#primaryimage\"},\"image\":{\"@id\":\"https:\\\/\\\/mozambiquelngfoundation.org\\\/en\\\/mozambique-lng-foundation-joins-youth-graduation-ceremony-in-cabo-delgado\\\/#primaryimage\"},\"thumbnailUrl\":\"https:\\\/\\\/mozambiquelngfoundation.org\\\/wp-content\\\/uploads\\\/2025\\\/09\\\/Copy-of-_MG_5901.jpg\",\"datePublished\":\"2025-09-19T09:44:38+00:00\",\"dateModified\":\"2025-09-22T08:17:38+00:00\",\"breadcrumb\":{\"@id\":\"https:\\\/\\\/mozambiquelngfoundation.org\\\/en\\\/mozambique-lng-foundation-joins-youth-graduation-ceremony-in-cabo-delgado\\\/#breadcrumb\"},\"inLanguage\":\"en-US\",\"potentialAction\":[{\"@type\":\"ReadAction\",\"target\":[\"https:\\\/\\\/mozambiquelngfoundation.org\\\/en\\\/mozambique-lng-foundation-joins-youth-graduation-ceremony-in-cabo-delgado\\\/\"]}]},{\"@type\":\"ImageObject\",\"inLanguage\":\"en-US\",\"@id\":\"https:\\\/\\\/mozambiquelngfoundation.org\\\/en\\\/mozambique-lng-foundation-joins-youth-graduation-ceremony-in-cabo-delgado\\\/#primaryimage\",\"url\":\"https:\\\/\\\/mozambiquelngfoundation.org\\\/wp-content\\\/uploads\\\/2025\\\/09\\\/Copy-of-_MG_5901.jpg\",\"contentUrl\":\"https:\\\/\\\/mozambiquelngfoundation.org\\\/wp-content\\\/uploads\\\/2025\\\/09\\\/Copy-of-_MG_5901.jpg\",\"width\":2048,\"height\":1365},{\"@type\":\"BreadcrumbList\",\"@id\":\"https:\\\/\\\/mozambiquelngfoundation.org\\\/en\\\/mozambique-lng-foundation-joins-youth-graduation-ceremony-in-cabo-delgado\\\/#breadcrumb\",\"itemListElement\":[{\"@type\":\"ListItem\",\"position\":1,\"name\":\"Home\",\"item\":\"https:\\\/\\\/mozambiquelngfoundation.org\\\/en\\\/\"},{\"@type\":\"ListItem\",\"position\":2,\"name\":\"Mozambique LNG Foundation Joins Youth Graduation Ceremony in Cabo Delgado\"}]},{\"@type\":\"WebSite\",\"@id\":\"https:\\\/\\\/mozambiquelngfoundation.org\\\/en\\\/#website\",\"url\":\"https:\\\/\\\/mozambiquelngfoundation.org\\\/en\\\/\",\"name\":\"Funda\u00e7\u00e3o Mozambique LNG\",\"description\":\"No \u00e2mbito do Projecto Mo\u00e7ambique LNG, esta iniciativa teve como objectivo promover o desenvolvimento sustent\u00e1vel, a preserva\u00e7\u00e3o ambiental e a diversifica\u00e7\u00e3o econ\u00f3mica em Cabo Delgado.\",\"publisher\":{\"@id\":\"https:\\\/\\\/mozambiquelngfoundation.org\\\/en\\\/#organization\"},\"potentialAction\":[{\"@type\":\"SearchAction\",\"target\":{\"@type\":\"EntryPoint\",\"urlTemplate\":\"https:\\\/\\\/mozambiquelngfoundation.org\\\/en\\\/?s={search_term_string}\"},\"query-input\":{\"@type\":\"PropertyValueSpecification\",\"valueRequired\":true,\"valueName\":\"search_term_string\"}}],\"inLanguage\":\"en-US\"},{\"@type\":\"Organization\",\"@id\":\"https:\\\/\\\/mozambiquelngfoundation.org\\\/en\\\/#organization\",\"name\":\"Funda\u00e7\u00e3o Mozambique LNG\",\"url\":\"https:\\\/\\\/mozambiquelngfoundation.org\\\/en\\\/\",\"logo\":{\"@type\":\"ImageObject\",\"inLanguage\":\"en-US\",\"@id\":\"https:\\\/\\\/mozambiquelngfoundation.org\\\/en\\\/#\\\/schema\\\/logo\\\/image\\\/\",\"url\":\"https:\\\/\\\/mozambiquelngfoundation.org\\\/wp-content\\\/uploads\\\/2025\\\/07\\\/logo-fundacao-pt.png\",\"contentUrl\":\"https:\\\/\\\/mozambiquelngfoundation.org\\\/wp-content\\\/uploads\\\/2025\\\/07\\\/logo-fundacao-pt.png\",\"width\":300,\"height\":102,\"caption\":\"Funda\u00e7\u00e3o Mozambique LNG\"},\"image\":{\"@id\":\"https:\\\/\\\/mozambiquelngfoundation.org\\\/en\\\/#\\\/schema\\\/logo\\\/image\\\/\"},\"sameAs\":[\"https:\\\/\\\/www.facebook.com\\\/profile.php?id=61575219521505\"]},{\"@type\":\"Person\",\"@id\":\"https:\\\/\\\/mozambiquelngfoundation.org\\\/en\\\/#\\\/schema\\\/person\\\/8de15d55aa64e9ee07f067ed4bd180b3\",\"name\":\"sebastiao-editor\",\"image\":{\"@type\":\"ImageObject\",\"inLanguage\":\"en-US\",\"@id\":\"https:\\\/\\\/secure.gravatar.com\\\/avatar\\\/9053835291c4a04351f71614f95a250a84bd6115d8e685b1589a3e5a8952da9d?s=96&d=mm&r=g\",\"url\":\"https:\\\/\\\/secure.gravatar.com\\\/avatar\\\/9053835291c4a04351f71614f95a250a84bd6115d8e685b1589a3e5a8952da9d?s=96&d=mm&r=g\",\"contentUrl\":\"https:\\\/\\\/secure.gravatar.com\\\/avatar\\\/9053835291c4a04351f71614f95a250a84bd6115d8e685b1589a3e5a8952da9d?s=96&d=mm&r=g\",\"caption\":\"sebastiao-editor\"},\"url\":\"https:\\\/\\\/mozambiquelngfoundation.org\\\/en\\\/author\\\/sebastiao-editor\\\/\"}]}<\/script>\n<!-- \/ Yoast SEO plugin. -->","yoast_head_json":{"title":"Mozambique LNG Foundation Joins Youth Graduation Ceremony in Cabo Delgado - Funda\u00e7\u00e3o Mozambique LNG","robots":{"index":"index","follow":"follow","max-snippet":"max-snippet:-1","max-image-preview":"max-image-preview:large","max-video-preview":"max-video-preview:-1"},"canonical":"https:\/\/mozambiquelngfoundation.org\/en\/mozambique-lng-foundation-joins-youth-graduation-ceremony-in-cabo-delgado\/","og_locale":"en_US","og_type":"article","og_title":"Mozambique LNG Foundation Joins Youth Graduation Ceremony in Cabo Delgado - Funda\u00e7\u00e3o Mozambique LNG","og_description":"[vc_row][vc_column width=&#8221;1\/6&#8243;][\/vc_column][vc_column width=&#8221;2\/3&#8243;][vc_custom_heading text=&#8221;Mozambique LNG Foundation Joins Youth Graduation Ceremony in Cabo Delgado&#8221; use_theme_fonts=&#8221;yes&#8221;][vc_empty_space][vc_gallery interval=&#8221;5&#8243; images=&#8221;1018,1020,1022,1024,1026&#8243; img_size=&#8221;full&#8221;][vc_column_text] The Mozambique LNG Foundation was honored to participate in the MozYouth internship graduation ceremony held in Pemba, Cabo Delgado. Representing the Foundation, our Head of Programs, Erika Rodrigues, joined the celebration of 173 young people who completed their [&hellip;]","og_url":"https:\/\/mozambiquelngfoundation.org\/en\/mozambique-lng-foundation-joins-youth-graduation-ceremony-in-cabo-delgado\/","og_site_name":"Funda\u00e7\u00e3o Mozambique LNG","article_publisher":"https:\/\/www.facebook.com\/profile.php?id=61575219521505","article_published_time":"2025-09-19T09:44:38+00:00","article_modified_time":"2025-09-22T08:17:38+00:00","og_image":[{"width":1024,"height":683,"url":"https:\/\/mozambiquelngfoundation.org\/wp-content\/uploads\/2025\/09\/Copy-of-_MG_5901-1024x683.jpg","type":"image\/jpeg"}],"author":"sebastiao-editor","twitter_card":"summary_large_image","twitter_misc":{"Written by":"sebastiao-editor","Est. reading time":"2 minutes"},"schema":{"@context":"https:\/\/schema.org","@graph":[{"@type":"Article","@id":"https:\/\/mozambiquelngfoundation.org\/en\/mozambique-lng-foundation-joins-youth-graduation-ceremony-in-cabo-delgado\/#article","isPartOf":{"@id":"https:\/\/mozambiquelngfoundation.org\/en\/mozambique-lng-foundation-joins-youth-graduation-ceremony-in-cabo-delgado\/"},"author":{"name":"sebastiao-editor","@id":"https:\/\/mozambiquelngfoundation.org\/en\/#\/schema\/person\/8de15d55aa64e9ee07f067ed4bd180b3"},"headline":"Mozambique LNG Foundation Joins Youth Graduation Ceremony in Cabo Delgado","datePublished":"2025-09-19T09:44:38+00:00","dateModified":"2025-09-22T08:17:38+00:00","mainEntityOfPage":{"@id":"https:\/\/mozambiquelngfoundation.org\/en\/mozambique-lng-foundation-joins-youth-graduation-ceremony-in-cabo-delgado\/"},"wordCount":262,"commentCount":0,"publisher":{"@id":"https:\/\/mozambiquelngfoundation.org\/en\/#organization"},"image":{"@id":"https:\/\/mozambiquelngfoundation.org\/en\/mozambique-lng-foundation-joins-youth-graduation-ceremony-in-cabo-delgado\/#primaryimage"},"thumbnailUrl":"https:\/\/mozambiquelngfoundation.org\/wp-content\/uploads\/2025\/09\/Copy-of-_MG_5901.jpg","inLanguage":"en-US","potentialAction":[{"@type":"CommentAction","name":"Comment","target":["https:\/\/mozambiquelngfoundation.org\/en\/mozambique-lng-foundation-joins-youth-graduation-ceremony-in-cabo-delgado\/#respond"]}]},{"@type":"WebPage","@id":"https:\/\/mozambiquelngfoundation.org\/en\/mozambique-lng-foundation-joins-youth-graduation-ceremony-in-cabo-delgado\/","url":"https:\/\/mozambiquelngfoundation.org\/en\/mozambique-lng-foundation-joins-youth-graduation-ceremony-in-cabo-delgado\/","name":"Mozambique LNG Foundation Joins Youth Graduation Ceremony in Cabo Delgado - Funda\u00e7\u00e3o Mozambique LNG","isPartOf":{"@id":"https:\/\/mozambiquelngfoundation.org\/en\/#website"},"primaryImageOfPage":{"@id":"https:\/\/mozambiquelngfoundation.org\/en\/mozambique-lng-foundation-joins-youth-graduation-ceremony-in-cabo-delgado\/#primaryimage"},"image":{"@id":"https:\/\/mozambiquelngfoundation.org\/en\/mozambique-lng-foundation-joins-youth-graduation-ceremony-in-cabo-delgado\/#primaryimage"},"thumbnailUrl":"https:\/\/mozambiquelngfoundation.org\/wp-content\/uploads\/2025\/09\/Copy-of-_MG_5901.jpg","datePublished":"2025-09-19T09:44:38+00:00","dateModified":"2025-09-22T08:17:38+00:00","breadcrumb":{"@id":"https:\/\/mozambiquelngfoundation.org\/en\/mozambique-lng-foundation-joins-youth-graduation-ceremony-in-cabo-delgado\/#breadcrumb"},"inLanguage":"en-US","potentialAction":[{"@type":"ReadAction","target":["https:\/\/mozambiquelngfoundation.org\/en\/mozambique-lng-foundation-joins-youth-graduation-ceremony-in-cabo-delgado\/"]}]},{"@type":"ImageObject","inLanguage":"en-US","@id":"https:\/\/mozambiquelngfoundation.org\/en\/mozambique-lng-foundation-joins-youth-graduation-ceremony-in-cabo-delgado\/#primaryimage","url":"https:\/\/mozambiquelngfoundation.org\/wp-content\/uploads\/2025\/09\/Copy-of-_MG_5901.jpg","contentUrl":"https:\/\/mozambiquelngfoundation.org\/wp-content\/uploads\/2025\/09\/Copy-of-_MG_5901.jpg","width":2048,"height":1365},{"@type":"BreadcrumbList","@id":"https:\/\/mozambiquelngfoundation.org\/en\/mozambique-lng-foundation-joins-youth-graduation-ceremony-in-cabo-delgado\/#breadcrumb","itemListElement":[{"@type":"ListItem","position":1,"name":"Home","item":"https:\/\/mozambiquelngfoundation.org\/en\/"},{"@type":"ListItem","position":2,"name":"Mozambique LNG Foundation Joins Youth Graduation Ceremony in Cabo Delgado"}]},{"@type":"WebSite","@id":"https:\/\/mozambiquelngfoundation.org\/en\/#website","url":"https:\/\/mozambiquelngfoundation.org\/en\/","name":"Funda\u00e7\u00e3o Mozambique LNG","description":"No \u00e2mbito do Projecto Mo\u00e7ambique LNG, esta iniciativa teve como objectivo promover o desenvolvimento sustent\u00e1vel, a preserva\u00e7\u00e3o ambiental e a diversifica\u00e7\u00e3o econ\u00f3mica em Cabo Delgado.","publisher":{"@id":"https:\/\/mozambiquelngfoundation.org\/en\/#organization"},"potentialAction":[{"@type":"SearchAction","target":{"@type":"EntryPoint","urlTemplate":"https:\/\/mozambiquelngfoundation.org\/en\/?s={search_term_string}"},"query-input":{"@type":"PropertyValueSpecification","valueRequired":true,"valueName":"search_term_string"}}],"inLanguage":"en-US"},{"@type":"Organization","@id":"https:\/\/mozambiquelngfoundation.org\/en\/#organization","name":"Funda\u00e7\u00e3o Mozambique LNG","url":"https:\/\/mozambiquelngfoundation.org\/en\/","logo":{"@type":"ImageObject","inLanguage":"en-US","@id":"https:\/\/mozambiquelngfoundation.org\/en\/#\/schema\/logo\/image\/","url":"https:\/\/mozambiquelngfoundation.org\/wp-content\/uploads\/2025\/07\/logo-fundacao-pt.png","contentUrl":"https:\/\/mozambiquelngfoundation.org\/wp-content\/uploads\/2025\/07\/logo-fundacao-pt.png","width":300,"height":102,"caption":"Funda\u00e7\u00e3o Mozambique LNG"},"image":{"@id":"https:\/\/mozambiquelngfoundation.org\/en\/#\/schema\/logo\/image\/"},"sameAs":["https:\/\/www.facebook.com\/profile.php?id=61575219521505"]},{"@type":"Person","@id":"https:\/\/mozambiquelngfoundation.org\/en\/#\/schema\/person\/8de15d55aa64e9ee07f067ed4bd180b3","name":"sebastiao-editor","image":{"@type":"ImageObject","inLanguage":"en-US","@id":"https:\/\/secure.gravatar.com\/avatar\/9053835291c4a04351f71614f95a250a84bd6115d8e685b1589a3e5a8952da9d?s=96&d=mm&r=g","url":"https:\/\/secure.gravatar.com\/avatar\/9053835291c4a04351f71614f95a250a84bd6115d8e685b1589a3e5a8952da9d?s=96&d=mm&r=g","contentUrl":"https:\/\/secure.gravatar.com\/avatar\/9053835291c4a04351f71614f95a250a84bd6115d8e685b1589a3e5a8952da9d?s=96&d=mm&r=g","caption":"sebastiao-editor"},"url":"https:\/\/mozambiquelngfoundation.org\/en\/author\/sebastiao-editor\/"}]}},"_links":{"self":[{"href":"https:\/\/mozambiquelngfoundation.org\/en\/wp-json\/wp\/v2\/posts\/1029","targetHints":{"allow":["GET"]}}],"collection":[{"href":"https:\/\/mozambiquelngfoundation.org\/en\/wp-json\/wp\/v2\/posts"}],"about":[{"href":"https:\/\/mozambiquelngfoundation.org\/en\/wp-json\/wp\/v2\/types\/post"}],"author":[{"embeddable":true,"href":"https:\/\/mozambiquelngfoundation.org\/en\/wp-json\/wp\/v2\/users\/2"}],"replies":[{"embeddable":true,"href":"https:\/\/mozambiquelngfoundation.org\/en\/wp-json\/wp\/v2\/comments?post=1029"}],"version-history":[{"count":2,"href":"https:\/\/mozambiquelngfoundation.org\/en\/wp-json\/wp\/v2\/posts\/1029\/revisions"}],"predecessor-version":[{"id":1031,"href":"https:\/\/mozambiquelngfoundation.org\/en\/wp-json\/wp\/v2\/posts\/1029\/revisions\/1031"}],"wp:featuredmedia":[{"embeddable":true,"href":"https:\/\/mozambiquelngfoundation.org\/en\/wp-json\/wp\/v2\/media\/1027"}],"wp:attachment":[{"href":"https:\/\/mozambiquelngfoundation.org\/en\/wp-json\/wp\/v2\/media?parent=1029"}],"wp:term":[{"taxonomy":"category","embeddable":true,"href":"https:\/\/mozambiquelngfoundation.org\/en\/wp-json\/wp\/v2\/categories?post=1029"},{"taxonomy":"post_tag","embeddable":true,"href":"https:\/\/mozambiquelngfoundation.org\/en\/wp-json\/wp\/v2\/tags?post=1029"}],"curies":[{"name":"wp","href":"https:\/\/api.w.org\/{rel}","templated":true}]}}